{"id":367633,"date":"2022-03-17T10:29:15","date_gmt":"2022-03-17T14:29:15","guid":{"rendered":"https:\/\/www.1stdibs.com\/blogs\/the-study\/les-16-chaises-de-style-mid-century-modern-les-plus-populaires\/"},"modified":"2022-05-02T20:10:10","modified_gmt":"2022-05-03T00:10:10","slug":"les-16-chaises-de-style-mid-century-modern-les-plus-populaires","status":"publish","type":"post","link":"https:\/\/www.1stdibs.com\/blogs\/the-study\/fr\/les-16-chaises-de-style-mid-century-modern-les-plus-populaires\/","title":{"rendered":"Les 16\u00a0chaises de style Mid-Century Modern les plus populaires"},"content":{"rendered":"<a href=\"https:\/\/www.1stdibs.com\/fr\/creators\/arne-jacobsen\/furniture\/seating\/?q=egg\"><img decoding=\"async\" class=\"aligncenter size-full wp-image-381154\" src=\"https:\/\/www.1stdibs.com\/blogs\/the-study\/wp-content\/uploads\/8725913_master-1.jpg\" alt=\"fauteuils Egg en cuir brun\" width=\"768\" height=\"556\" srcset=\"https:\/\/www.1stdibs.com\/blogs\/the-study\/wp-content\/uploads\/8725913_master-1.jpg 768w, https:\/\/www.1stdibs.com\/blogs\/the-study\/wp-content\/uploads\/8725913_master-1-120x87.jpg 120w, https:\/\/www.1stdibs.com\/blogs\/the-study\/wp-content\/uploads\/8725913_master-1-483x350.jpg 483w\" sizes=\"(max-width: 768px) 100vw, 768px\" \/><\/a>\n<h2><a href=\"https:\/\/www.1stdibs.com\/fr\/creators\/arne-jacobsen\/furniture\/seating\/?q=egg\">Le fauteuil Egg d&rsquo;Arne Jacobsen<\/a><\/h2>\n<p>Parmi toutes les cr\u00e9ations embl\u00e9matiques d&rsquo;<a href=\"https:\/\/www.1stdibs.com\/fr\/creators\/arne-jacobsen\/furniture\/\">Arne Jacobsen<\/a>, la plus c\u00e9l\u00e8bre, ou la plus convoit\u00e9e, est ce <a href=\"https:\/\/www.1stdibs.com\/fr\/designs\/arne-jacobsen-egg-chair\/\">fauteuil Egg<\/a> (\u00ab \u0153uf \u00bb) qu&rsquo;il a con\u00e7u en 1958 dans le cadre de son grand projet pour l&rsquo;\u00e9tablissement SAS Royal Hotel. Une chaise \u00ab ne doit pas uniquement \u00eatre une belle sculpture \u00bb, a-t-il d\u00e9clar\u00e9 un jour sur le ton de la plaisanterie, \u00ab elle doit aussi \u00eatre flatteuse pour la personne qui s&rsquo;y installe, surtout s&rsquo;il s&rsquo;agit d&rsquo;une femme. \u00bb Arne Jacobsen \u00e9tait un v\u00e9ritable ma\u00eetre de ce style de meubles con\u00e7us pour durer, mais il n&rsquo;\u00e9tait pas tr\u00e8s au fait de certains sujets.<\/p>\n<hr>\n<h2><a href=\"https:\/\/www.1stdibs.com\/fr\/creators\/ludwig-mies-van-der-rohe\/furniture\/seating\/?q=barcelona\"><img decoding=\"async\" class=\"aligncenter wp-image-381156 size-full\" src=\"https:\/\/www.1stdibs.com\/blogs\/the-study\/wp-content\/uploads\/x_13__l.jpg\" alt=\"chaise Barcelone en cuir camel\" width=\"768\" height=\"768\" srcset=\"https:\/\/www.1stdibs.com\/blogs\/the-study\/wp-content\/uploads\/x_13__l.jpg 768w, https:\/\/www.1stdibs.com\/blogs\/the-study\/wp-content\/uploads\/x_13__l-120x120.jpg 120w, https:\/\/www.1stdibs.com\/blogs\/the-study\/wp-content\/uploads\/x_13__l-350x350.jpg 350w\" sizes=\"(max-width: 768px) 100vw, 768px\" \/><\/a><\/h2>\n<h2><a href=\"https:\/\/www.1stdibs.com\/fr\/creators\/ludwig-mies-van-der-rohe\/furniture\/seating\/?q=barcelona\">La chaise Barcelone de Ludwig Mies van der Rohe et Lilly Reich<\/a><\/h2>\n<p>Avant, les femmes n&rsquo;\u00e9taient pas toujours reconnues pour leurs cr\u00e9ations. C&rsquo;est parfois encore le cas aujourd&rsquo;hui. La chaise Barcelone, que l&rsquo;on attribue au grand ma\u00eetre moderniste <a href=\"https:\/\/www.1stdibs.com\/fr\/creators\/ludwig-mies-van-der-rohe\/furniture\/\">Ludwig Mies van der Rohe<\/a>, a \u00e9t\u00e9 con\u00e7ue avec sa proche collaboratrice Lilly Reich. Nous ne savons pas \u00e0 quelle hauteur elle y a contribu\u00e9. Mais nous savons en revanche que la chaise a \u00e9t\u00e9 cr\u00e9\u00e9e, \u00e0 l&rsquo;origine, pour le pavillon allemand de l&rsquo;Exposition Internationale de 1929, \u00e0 Barcelone. Mies van der Rohe l&rsquo;a utilis\u00e9e pour meubler son chef-d&rsquo;\u0153uvre du d\u00e9but du modernisme, la Villa Tugendhat, situ\u00e9e \u00e0 Brno, en R\u00e9publique tch\u00e8que.<\/p>\n<hr>\n<a href=\"https:\/\/www.1stdibs.com\/fr\/creators\/charles-and-ray-eames-1\/furniture\/?q=670\"><img decoding=\"async\" class=\"aligncenter size-full wp-image-369143\" src=\"https:\/\/www.1stdibs.com\/blogs\/the-study\/wp-content\/uploads\/8085373_master.jpg\" alt=\"ottomane et fauteuil en cuir noir\" width=\"768\" height=\"615\" srcset=\"https:\/\/www.1stdibs.com\/blogs\/the-study\/wp-content\/uploads\/8085373_master.jpg 768w, https:\/\/www.1stdibs.com\/blogs\/the-study\/wp-content\/uploads\/8085373_master-120x96.jpg 120w, https:\/\/www.1stdibs.com\/blogs\/the-study\/wp-content\/uploads\/8085373_master-437x350.jpg 437w\" sizes=\"(max-width: 768px) 100vw, 768px\" \/><\/a>\n<h2><a href=\"https:\/\/www.1stdibs.com\/fr\/designs\/eames-lounge-chair-ottoman\/\">Le fauteuil \u00ab Lounge Chair 670 \u00bb de Charles et Ray Eames<\/a><\/h2>\n<p><a href=\"https:\/\/www.1stdibs.com\/fr\/creators\/charles-and-ray-eames-1\/furniture\/\">Charles et Ray Eames<\/a> \u00e9tait des modernistes, mais aussi des <em>Am\u00e9ricains<\/em>. Ils trouvaient toujours une fa\u00e7on d&rsquo;ajouter un peu de chaleur rustique \u00e0 leurs \u00e9l\u00e9gantes cr\u00e9ations de style industriel. Ce qui les a inspir\u00e9s pour leur <a href=\"https:\/\/www.1stdibs.com\/fr\/buy\/eames-670-lounge-chair\/\">fauteuil de salon<\/a> classique, tr\u00e8s sculptural et confortable ? Un gant de base-ball tr\u00e8s us\u00e9 !<\/p>\n<hr>\n<h2><a href=\"https:\/\/www.1stdibs.com\/fr\/creators\/jorge-ferrari-hardoy\/?q=butterfly\"><img decoding=\"async\" class=\"aligncenter wp-image-381160 size-full\" src=\"https:\/\/www.1stdibs.com\/blogs\/the-study\/wp-content\/uploads\/7195913_l.jpg\" alt=\"chaise Papillon\" width=\"768\" height=\"768\" srcset=\"https:\/\/www.1stdibs.com\/blogs\/the-study\/wp-content\/uploads\/7195913_l.jpg 768w, https:\/\/www.1stdibs.com\/blogs\/the-study\/wp-content\/uploads\/7195913_l-120x120.jpg 120w, https:\/\/www.1stdibs.com\/blogs\/the-study\/wp-content\/uploads\/7195913_l-350x350.jpg 350w\" sizes=\"(max-width: 768px) 100vw, 768px\" \/><\/a><\/h2>\n<h2><a href=\"https:\/\/www.1stdibs.com\/fr\/creators\/jorge-ferrari-hardoy\/?q=butterfly\">La chaise Papillon de Jorge Ferrari Hardoy, Antonio Bonet et Juan Kurchan<\/a><\/h2>\n<p>Cette chaise l\u00e9gendaire a \u00e9t\u00e9 con\u00e7ue en 1938 par trois architectes argentins talentueux : Antonio Bonet, Juan Kurchan et <a href=\"https:\/\/www.1stdibs.com\/fr\/creators\/jorge-ferrari-hardoy\/\">Jorge Ferrari-Hardoy<\/a>, qui se sont rencontr\u00e9s alors qu&rsquo;ils \u00e9taient assistants dans l&rsquo;atelier parisien de <a href=\"https:\/\/www.1stdibs.com\/fr\/creators\/le-corbusier\/furniture\/\">Le Corbusier<\/a>. La <a href=\"https:\/\/www.1stdibs.com\/fr\/buy\/butterfly-chairs\/\">chaise Papillon<\/a> \u00e9tait une vision contemporaine du <a href=\"https:\/\/www.1stdibs.com\/fr\/furniture\/style\/campaign\/\">mobilier de campagne<\/a> fran\u00e7ais, qui avait servi pour l&rsquo;am\u00e9nagement d&rsquo;un immeuble d&rsquo;habitations qu&rsquo;ils ont con\u00e7u \u00e0 Buenos Aires. Ils ont pr\u00e9sent\u00e9 la chaise lors de la 3\u00e8me exposition du salon des d\u00e9corateurs, qui s&rsquo;est tenu dans la capitale 2 ans plus tard. Apr\u00e8s avoir remarqu\u00e9 cette chaise lors de l&rsquo;exposition, le mus\u00e9e d&rsquo;Art moderne de New York (MoMA) a demand\u00e9 trois chaises de pr\u00e9-production : une pour sa collection permanente sur le design, une pour la maison de famille du directeur du d\u00e9partement design Edgar Kaufmann, qui n&rsquo;\u00e9tait autre que le chef-d&rsquo;\u0153uvre de <a href=\"https:\/\/www.1stdibs.com\/fr\/creators\/frank-lloyd-wright\/\">Frank Lloyd Wright<\/a>, la Maison sur la cascade. Et la troisi\u00e8me ? Personne ne sait o\u00f9 elle est. Mais depuis, la chaise Papillon a \u00e9t\u00e9 tr\u00e8s imit\u00e9e.<\/p>\n<hr>\n<h2><a href=\"https:\/\/www.1stdibs.com\/fr\/creators\/eero-aarnio\/furniture\/seating\/?q=ball+chair\"><img decoding=\"async\" class=\"aligncenter size-full wp-image-381162\" src=\"https:\/\/www.1stdibs.com\/blogs\/the-study\/wp-content\/uploads\/8076553_master.jpg\" alt=\"chaise globe\" width=\"768\" height=\"768\" srcset=\"https:\/\/www.1stdibs.com\/blogs\/the-study\/wp-content\/uploads\/8076553_master.jpg 768w, https:\/\/www.1stdibs.com\/blogs\/the-study\/wp-content\/uploads\/8076553_master-120x120.jpg 120w, https:\/\/www.1stdibs.com\/blogs\/the-study\/wp-content\/uploads\/8076553_master-350x350.jpg 350w\" sizes=\"(max-width: 768px) 100vw, 768px\" \/><\/a><\/h2>\n<h2><a href=\"https:\/\/www.1stdibs.com\/fr\/creators\/eero-aarnio\/furniture\/seating\/?q=ball+chair\">La chaise Globe (\u00ab Ball \u00bb) d&rsquo;Eero Aarnio<\/a><\/h2>\n<p>Quand le designer finlandais <a href=\"https:\/\/www.1stdibs.com\/fr\/creators\/eero-aarnio\/\">Eero Aarnio<\/a> a emm\u00e9nag\u00e9 dans sa premi\u00e8re maison, en 1962, il lui manquait un bon fauteuil. Il a donc d\u00e9cid\u00e9 d&rsquo;en cr\u00e9er un. En esquissant diff\u00e9rentes formes, il constata que la plus simple ressemblait \u00e0 un globe. Alors il s&rsquo;assit sur une chaise et demanda \u00e0 sa femme de dessiner le contour de sa t\u00eate sur le mur. C&rsquo;est ainsi qu&rsquo;il a d\u00e9fini la hauteur et la largeur de la chaise, car il \u00e9tait plus grand qu&rsquo;elle. Tr\u00e8s dou\u00e9 de ses mains, il fabriqua le premier prototype en ayant recours aux m\u00eames techniques de moulage que celles utilis\u00e9es pour cr\u00e9er les fuselages des planeurs.<\/p>\n<hr>\n<h2><a href=\"https:\/\/www.1stdibs.com\/fr\/creators\/hans-wegner\/furniture\/seating\/?q=wishbone\"><img decoding=\"async\" class=\"aligncenter size-full wp-image-381164\" src=\"https:\/\/www.1stdibs.com\/blogs\/the-study\/wp-content\/uploads\/3_Wishbone_Chairs_cutout_IMG_1413_l.jpg\" alt=\"chaise wishbone\" width=\"768\" height=\"348\" srcset=\"https:\/\/www.1stdibs.com\/blogs\/the-study\/wp-content\/uploads\/3_Wishbone_Chairs_cutout_IMG_1413_l.jpg 768w, https:\/\/www.1stdibs.com\/blogs\/the-study\/wp-content\/uploads\/3_Wishbone_Chairs_cutout_IMG_1413_l-120x54.jpg 120w\" sizes=\"(max-width: 768px) 100vw, 768px\" \/><\/a><\/h2>\n<h2><a href=\"https:\/\/www.1stdibs.com\/fr\/creators\/hans-wegner\/furniture\/seating\/?q=wishbone\">La chaise Wishbone de Hans Wegner<\/a><\/h2>\n<p>Le Danois <a href=\"https:\/\/www.1stdibs.com\/fr\/creators\/hans-wegner\/\">Hans Wegner<\/a> figure parmi les pr\u00e9curseurs du design fonctionnaliste et organique, apparu au milieu du XXe si\u00e8cle. Inspir\u00e9e par le portrait d&rsquo;un marchand danois assis sur une chaise chinoise Ming, cette chaise fait partie des trois que le designer a con\u00e7ues en 1949 pour <a href=\"https:\/\/www.1stdibs.com\/fr\/creators\/carl-hansen\/\">Carl Hansen &amp; S\u00f8n<\/a>, combinant le dossier avec les accoudoirs. Tr\u00e8s avant-gardiste quand elle fut produite pour la premi\u00e8re fois, la chaise Wishbone est d\u00e9sormais embl\u00e9matique.<\/p>\n<hr>\n<h2><img decoding=\"async\" class=\"aligncenter size-full wp-image-381166\" src=\"https:\/\/www.1stdibs.com\/blogs\/the-study\/wp-content\/uploads\/7429553_l.jpg\" alt=\"chaise bulle transparente\" width=\"768\" height=\"768\" srcset=\"https:\/\/www.1stdibs.com\/blogs\/the-study\/wp-content\/uploads\/7429553_l.jpg 768w, https:\/\/www.1stdibs.com\/blogs\/the-study\/wp-content\/uploads\/7429553_l-120x120.jpg 120w, https:\/\/www.1stdibs.com\/blogs\/the-study\/wp-content\/uploads\/7429553_l-350x350.jpg 350w\" sizes=\"(max-width: 768px) 100vw, 768px\" \/><\/h2>\n<h2><a href=\"https:\/\/www.1stdibs.com\/fr\/designs\/bubble-chair\/\">La chaise Bulle d&rsquo;Eero Aarnio<\/a><\/h2>\n<p>Apr\u00e8s le succ\u00e8s de sa chaise Globe, <a href=\"https:\/\/www.1stdibs.com\/fr\/creators\/eero-aarnio\/furniture\/\">Eero Aarnio<\/a> est all\u00e9 encore plus loin dans le th\u00e8me des si\u00e8ges de forme h\u00e9misph\u00e9rique en concevant une chaise en acrylique moul\u00e9 transparent, un mat\u00e9riau high tech en 1968. R\u00e9sultat : une chaise futuriste id\u00e9ale pour les personnes branch\u00e9es de toutes les \u00e9poques.<\/p>\n<hr>\n<h2><a href=\"https:\/\/www.1stdibs.com\/fr\/creators\/marcel-breuer\/?q=wassily\"><img decoding=\"async\" class=\"aligncenter wp-image-381168 size-full\" src=\"https:\/\/www.1stdibs.com\/blogs\/the-study\/wp-content\/uploads\/8309123_master.jpg\" alt=\"chaise en cuir et acier\" width=\"768\" height=\"768\" srcset=\"https:\/\/www.1stdibs.com\/blogs\/the-study\/wp-content\/uploads\/8309123_master.jpg 768w, https:\/\/www.1stdibs.com\/blogs\/the-study\/wp-content\/uploads\/8309123_master-120x120.jpg 120w, https:\/\/www.1stdibs.com\/blogs\/the-study\/wp-content\/uploads\/8309123_master-350x350.jpg 350w\" sizes=\"(max-width: 768px) 100vw, 768px\" \/><\/a><\/h2>\n<h2><a href=\"https:\/\/www.1stdibs.com\/fr\/creators\/marcel-breuer\/?q=wassily\">La chaise Wassily de Marcel Breuer<\/a><\/h2>\n<p>N\u00e9 en Hongrie, le designer moderniste <a href=\"https:\/\/www.1stdibs.com\/fr\/creators\/marcel-breuer\/\">Marcel Breuer<\/a> a con\u00e7u la <a href=\"https:\/\/www.1stdibs.com\/fr\/buy\/wassily-chairs\/\">chaise Wassily<\/a> en 1925, alors qu&rsquo;il n&rsquo;avait que 23 ans et qu&rsquo;il \u00e9tait d\u00e9j\u00e0 professeur dans l&rsquo;\u00e9cole de design d&rsquo;avant-garde du <a href=\"https:\/\/www.1stdibs.com\/fr\/furniture\/style\/bauhaus\/\">Bauhaus<\/a>. Il fut l&rsquo;un des premiers \u00e9tudiants de l&rsquo;\u00e9cole, mais aussi le plus jeune. Il \u00e9tait alors tellement dou\u00e9 qu&rsquo;apr\u00e8s un an, <a href=\"https:\/\/www.1stdibs.com\/fr\/creators\/walter-gropius\/furniture\/\">Walter Gropius<\/a>, le fondateur de l&rsquo;\u00e9cole, le nomma \u00e0 la direction de l&rsquo;atelier de menuiserie et de meubles. S&rsquo;inspirant de l&rsquo;acier tubulaire des guidons de v\u00e9lo, Marcel Breuer a cr\u00e9\u00e9 cette chaise pour son usage personnel. <a href=\"https:\/\/www.1stdibs.com\/fr\/creators\/wassily-kandinsky\/\">Wassily Kandinsky<\/a>, un de ses coll\u00e8gues de l&rsquo;\u00e9cole du Bauhaus, avait une grande admiration pour cette chaise. Marcel Breuer d\u00e9cida donc de lui en fabriquer une autre. C&rsquo;est ainsi que la chaise fut baptis\u00e9e du nom de son premier admirateur, devenu ensuite un c\u00e9l\u00e8bre peintre abstrait, lors de sa production dans les ann\u00e9es 1960.<\/p>\n<hr>\n<h2><a href=\"https:\/\/www.1stdibs.com\/fr\/creators\/eero-saarinen\/furniture\/seating\/?q=womb\"><img decoding=\"async\" class=\"aligncenter wp-image-381170 size-full\" src=\"https:\/\/www.1stdibs.com\/blogs\/the-study\/wp-content\/uploads\/7451703_l.jpg\" alt=\"fauteuil et ottomane rouges\" width=\"768\" height=\"768\" srcset=\"https:\/\/www.1stdibs.com\/blogs\/the-study\/wp-content\/uploads\/7451703_l.jpg 768w, https:\/\/www.1stdibs.com\/blogs\/the-study\/wp-content\/uploads\/7451703_l-120x120.jpg 120w, https:\/\/www.1stdibs.com\/blogs\/the-study\/wp-content\/uploads\/7451703_l-350x350.jpg 350w\" sizes=\"(max-width: 768px) 100vw, 768px\" \/><\/a><\/h2>\n<h2><a href=\"https:\/\/www.1stdibs.com\/fr\/creators\/eero-saarinen\/furniture\/seating\/?q=womb\">La chaise Womb d&rsquo;Eero Saarinen<\/a><\/h2>\n<p>De nombreux passionn\u00e9s de design vous diront qu&rsquo;il n&rsquo;existe pas de chaise plus confortable au monde. Et c&rsquo;\u00e9tait bien l\u00e0 l&rsquo;intention d&rsquo;<a href=\"https:\/\/www.1stdibs.com\/fr\/creators\/eero-saarinen\/\">Eero Saarinen<\/a> quand il l&rsquo;a con\u00e7ue en 1948, \u00e0 la demande de <a href=\"https:\/\/www.1stdibs.com\/fr\/creators\/florence-knoll\/\">Florence Knoll<\/a>. La grande designer souhaitait un fauteuil moderne dans lequel on pourrait se pelotonner comme dans un \u00ab panier rempli de coussins \u00bb.<\/p>\n<hr>\n<h2><a href=\"https:\/\/www.1stdibs.com\/fr\/creators\/eero-saarinen\/furniture\/seating\/?q=tulip\"><img decoding=\"async\" class=\"aligncenter wp-image-381172 size-full\" src=\"https:\/\/www.1stdibs.com\/blogs\/the-study\/wp-content\/uploads\/8428483_master.jpg\" alt=\"chaises de salon blanches\" width=\"768\" height=\"521\" srcset=\"https:\/\/www.1stdibs.com\/blogs\/the-study\/wp-content\/uploads\/8428483_master.jpg 768w, https:\/\/www.1stdibs.com\/blogs\/the-study\/wp-content\/uploads\/8428483_master-120x81.jpg 120w, https:\/\/www.1stdibs.com\/blogs\/the-study\/wp-content\/uploads\/8428483_master-516x350.jpg 516w\" sizes=\"(max-width: 768px) 100vw, 768px\" \/><\/a><\/h2>\n<h2><a href=\"https:\/\/www.1stdibs.com\/fr\/creators\/eero-saarinen\/furniture\/seating\/?q=tulip\">La chaise Tulipe d&rsquo;Eero Saarinen<\/a><\/h2>\n<p>Eero Saarinen figurait parmi les modernistes du milieu du XXe si\u00e8cle qui pensaient que le monde d&rsquo;apr\u00e8s-guerre \u00e9tait laid, d\u00e9routant et agit\u00e9. Il a donc con\u00e7u la collection Pedestal (\u00ab pi\u00e9destal \u00bb) en 1957, pour faire office d&rsquo;\u00e9l\u00e9gant antidote. Existe-t-il quelque chose de plus apaisant que la chaise Tulipe ?<\/p>\n<hr>\n<h2><a href=\"https:\/\/www.1stdibs.com\/fr\/creators\/arne-jacobsen\/furniture\/seating\/?q=swan\"><img decoding=\"async\" class=\"aligncenter wp-image-381174 size-full\" src=\"https:\/\/www.1stdibs.com\/blogs\/the-study\/wp-content\/uploads\/8432523_master.jpg\" alt=\"chaise en cuir brun\" width=\"768\" height=\"768\" srcset=\"https:\/\/www.1stdibs.com\/blogs\/the-study\/wp-content\/uploads\/8432523_master.jpg 768w, https:\/\/www.1stdibs.com\/blogs\/the-study\/wp-content\/uploads\/8432523_master-120x120.jpg 120w, https:\/\/www.1stdibs.com\/blogs\/the-study\/wp-content\/uploads\/8432523_master-350x350.jpg 350w\" sizes=\"(max-width: 768px) 100vw, 768px\" \/><\/a><\/h2>\n<h2><a href=\"https:\/\/www.1stdibs.com\/fr\/creators\/arne-jacobsen\/furniture\/seating\/?q=swan\">La chaise Cygne d&rsquo;Arne Jacobsen<\/a><\/h2>\n<p>Arne Jacobsen a con\u00e7u la <a href=\"https:\/\/www.1stdibs.com\/fr\/creators\/arne-jacobsen\/furniture\/seating\/?q=swan\">chaise Cygne<\/a> (\u00ab Swan \u00bb) ainsi qu&rsquo;un <a href=\"https:\/\/www.1stdibs.com\/fr\/creators\/arne-jacobsen\/furniture\/seating\/sofas\/?q=swan\">sofa Cygne<\/a> dans le cadre de son projet de 1958 pour l&rsquo;\u00e9tablissement SAS Royal Hotel de Copenhague, lors duquel il a cr\u00e9\u00e9 \u00e9galement les chaises Egg et Drop (\u00ab goutte \u00bb). Difficile d&rsquo;imaginer une chaise plus \u00e9l\u00e9gante et majestueuse. Difficile aussi de penser qu&rsquo;Arne Jacobsen en a r\u00e9alis\u00e9 le prototype dans son garage !<\/p>\n<h2><a href=\"https:\/\/www.1stdibs.com\/fr\/creators\/harry-bertoia\/furniture\/seating\/?q=diamond\"><img decoding=\"async\" class=\"aligncenter wp-image-381178 size-full\" src=\"https:\/\/www.1stdibs.com\/blogs\/the-study\/wp-content\/uploads\/8020293_master-1.jpg\" alt=\"fauteuils en fil m\u00e9tallique\" width=\"768\" height=\"488\" srcset=\"https:\/\/www.1stdibs.com\/blogs\/the-study\/wp-content\/uploads\/8020293_master-1.jpg 768w, https:\/\/www.1stdibs.com\/blogs\/the-study\/wp-content\/uploads\/8020293_master-1-120x76.jpg 120w, https:\/\/www.1stdibs.com\/blogs\/the-study\/wp-content\/uploads\/8020293_master-1-551x350.jpg 551w\" sizes=\"(max-width: 768px) 100vw, 768px\" \/><\/a><\/h2>\n<h2><a href=\"https:\/\/www.1stdibs.com\/fr\/designs\/diamond-chair\/\">La chaise Diamant d&rsquo;Harry Bertoia<\/a><\/h2>\n<p>En regardant ces chaises, personne ne sera surpris d&rsquo;apprendre qu&rsquo;<a href=\"https:\/\/www.1stdibs.com\/fr\/creators\/harry-bertoia\/\">Harry Bertoia<\/a> \u00e9tait sculpteur. Le succ\u00e8s de sa gamme de meubles en fil m\u00e9tallique (\u00ab Wire Collection \u00bb) cr\u00e9\u00e9s pour Knoll, dont fait partie cette chaise, lui a permis de poursuivre une carri\u00e8re dans la cr\u00e9ation artistique. La chaise Diamant est tellement embl\u00e9matique qu&rsquo;il est facile d&rsquo;oublier \u00e0 quel point elle \u00e9tait avant-gardiste au moment de sa cr\u00e9ation, en 1952. Harry Bertoia en parlait ainsi : \u00ab Quand on regarde ces chaises, on peut voir qu&rsquo;elles sont principalement compos\u00e9es d&rsquo;air, comme une sculpture. L&rsquo;espace passe \u00e0 travers. \u00bb Et aussi \u00e9tonnant que cela puisse para\u00eetre, ces chaises chics sont aussi tr\u00e8s confortables !<\/p>\n<hr>\n<h2><a href=\"https:\/\/www.1stdibs.com\/fr\/search\/furniture\/seating\/?q=lc4\"><img decoding=\"async\" class=\"aligncenter size-full wp-image-381182\" src=\"https:\/\/www.1stdibs.com\/blogs\/the-study\/wp-content\/uploads\/6451573_l.jpg\" alt=\"chaise longue noire\" width=\"768\" height=\"572\" srcset=\"https:\/\/www.1stdibs.com\/blogs\/the-study\/wp-content\/uploads\/6451573_l.jpg 768w, https:\/\/www.1stdibs.com\/blogs\/the-study\/wp-content\/uploads\/6451573_l-120x89.jpg 120w, https:\/\/www.1stdibs.com\/blogs\/the-study\/wp-content\/uploads\/6451573_l-470x350.jpg 470w\" sizes=\"(max-width: 768px) 100vw, 768px\" \/><\/a><\/h2>\n<h2><a href=\"https:\/\/www.1stdibs.com\/fr\/search\/furniture\/seating\/?q=lc4\">La LC4 par Le Corbusier, Pierre Jeanneret et Charlotte Perriand<\/a><\/h2>\n<p>Bien que la <a href=\"https:\/\/www.1stdibs.com\/fr\/search\/furniture\/seating\/?q=lc4\">chaise longue LC4<\/a> soit habituellement associ\u00e9e \u00e0 <a href=\"https:\/\/www.1stdibs.com\/fr\/creators\/le-corbusier\/\">Le Corbusier<\/a>, il n&rsquo;en est pourtant pas l&rsquo;unique concepteur. Il a travaill\u00e9 dessus dans son atelier avec deux autres designers mobiliers dou\u00e9s, son cousin <a href=\"https:\/\/www.1stdibs.com\/fr\/creators\/pierre-jeanneret\/\">Pierre Jeanneret<\/a> et <a href=\"https:\/\/www.1stdibs.com\/fr\/creators\/charlotte-perriand\/\">Charlotte Perriand<\/a>, pour le Salon d\u2019Automne de 1929. Figurant parmi les exemples les plus anciens de meubles de style industriel, cette chaise \u00e9tait surnomm\u00e9e \u00ab La Machine \u00e0 repos \u00bb. \u00c0 l&rsquo;\u00e9poque, c&rsquo;est tout simplement r\u00e9volutionnaire.<\/p>\n<hr>\n<h2><a href=\"https:\/\/www.1stdibs.com\/fr\/search\/furniture\/seating\/?q=lc2+or+lc3\"><img decoding=\"async\" class=\"aligncenter size-full wp-image-381180\" src=\"https:\/\/www.1stdibs.com\/blogs\/the-study\/wp-content\/uploads\/IMG_3290_edited_2_org_l.jpg\" alt=\"fauteuils en cuir et acier\" width=\"768\" height=\"426\" srcset=\"https:\/\/www.1stdibs.com\/blogs\/the-study\/wp-content\/uploads\/IMG_3290_edited_2_org_l.jpg 768w, https:\/\/www.1stdibs.com\/blogs\/the-study\/wp-content\/uploads\/IMG_3290_edited_2_org_l-631x350.jpg 631w, https:\/\/www.1stdibs.com\/blogs\/the-study\/wp-content\/uploads\/IMG_3290_edited_2_org_l-120x67.jpg 120w\" sizes=\"(max-width: 768px) 100vw, 768px\" \/><\/a> <a href=\"https:\/\/www.1stdibs.com\/fr\/search\/furniture\/seating\/?q=lc2+or+lc3\">Les LC2 et LC3 par Le Corbusier, Pierre Jeanneret et Charlotte Perriand<\/a><\/h2>\n<p>Le LC3 a \u00e9galement \u00e9t\u00e9 con\u00e7u pour le Salon d\u2019Automne de 1929. Le trio de jeunes modernistes voulait proposer la version industrielle d&rsquo;un fauteuil et d&rsquo;un canap\u00e9 bien rembourr\u00e9s. Leur audace fut couronn\u00e9e d&rsquo;un franc succ\u00e8s au vu de l&rsquo;omnipr\u00e9sence de cet ensemble surnomm\u00e9 \u00ab Le Grand Confort \u00bb. Le LC2 est une autre variante de la gamme. Il est plus compact et son dossier est plus haut.<\/p>\n<hr>\n<a href=\"https:\/\/www.1stdibs.com\/fr\/search\/furniture\/seating\/?q=lc1\"><img decoding=\"async\" class=\"aligncenter size-full wp-image-381184\" src=\"https:\/\/www.1stdibs.com\/blogs\/the-study\/wp-content\/uploads\/8135893_master.jpg\" alt=\"fauteuils en cuir et chrome\" width=\"768\" height=\"471\" srcset=\"https:\/\/www.1stdibs.com\/blogs\/the-study\/wp-content\/uploads\/8135893_master.jpg 768w, https:\/\/www.1stdibs.com\/blogs\/the-study\/wp-content\/uploads\/8135893_master-120x74.jpg 120w, https:\/\/www.1stdibs.com\/blogs\/the-study\/wp-content\/uploads\/8135893_master-571x350.jpg 571w\" sizes=\"(max-width: 768px) 100vw, 768px\" \/><\/a>\n<h2><a href=\"https:\/\/www.1stdibs.com\/fr\/search\/furniture\/seating\/?q=lc1\">Le LC1 par Le Corbusier, Pierre Jeanneret et Charlotte Perriand<\/a><\/h2>\n<p>Afin de r\u00e9inventer le fauteuil, les designers ont enlev\u00e9 tous ses rembourrages et ses ornements pour en offrir la v\u00e9ritable essence, avec les m\u00eames niveaux de confort et de soutien. On ne peut qu&rsquo;imaginer \u00e0 quel point cet assemblage de peau d&rsquo;animal et d&rsquo;acier devait sembler radical pour ceux qui avaient l&rsquo;habitude des splendides fauteuils rembourr\u00e9s de style <a href=\"https:\/\/www.1stdibs.com\/fr\/furniture\/style\/belle-epoque\/\" data-wplink-edit=\"true\">Belle \u00c9poque<\/a> !<\/p>\n<hr>\n<h2><a href=\"https:\/\/www.1stdibs.com\/fr\/creators\/hans-wegner\/furniture\/seating\/?q=sawbuck\"><img decoding=\"async\" class=\"aligncenter size-full wp-image-381186\" src=\"https:\/\/www.1stdibs.com\/blogs\/the-study\/wp-content\/uploads\/7782953_l.jpg\" alt=\"fauteuils en cuir et bois\" width=\"768\" height=\"476\" srcset=\"https:\/\/www.1stdibs.com\/blogs\/the-study\/wp-content\/uploads\/7782953_l.jpg 768w, https:\/\/www.1stdibs.com\/blogs\/the-study\/wp-content\/uploads\/7782953_l-120x74.jpg 120w, https:\/\/www.1stdibs.com\/blogs\/the-study\/wp-content\/uploads\/7782953_l-565x350.jpg 565w\" sizes=\"(max-width: 768px) 100vw, 768px\" \/><\/a><\/h2>\n<h2><a href=\"https:\/\/www.1stdibs.com\/fr\/creators\/hans-wegner\/furniture\/seating\/?q=sawbuck\" data-wplink-edit=\"true\">La chaise Sawbuck de Hans Wegner<\/a><\/h2>\n<p><a href=\"https:\/\/www.1stdibs.com\/fr\/creators\/hans-wegner\/\">Hans Wegner<\/a> \u00e9tait plus qu&rsquo;un designer brillant : il avait cette notion du bois dont seuls les plus grands \u00e9b\u00e9nistes ont le secret. Il consid\u00e9rait la fabrication de chaises comme de la sculpture. \u00ab Une chaise ne doit pas avoir de dos \u00bb, a-t-il observ\u00e9 une fois. \u00ab Elle doit \u00eatre belle de tous les c\u00f4t\u00e9s et sous tous les angles. \u00bb C&rsquo;est tout \u00e0 fait le cas avec la chaise sobre Sawbuck, qu&rsquo;il a con\u00e7ue en 1952. Elle est sculpt\u00e9e dans du noyer et du ch\u00eane massifs, et rev\u00eatue d&rsquo;un vernis clair qui met en valeur le contraste entre les diff\u00e9rents bois.<\/p>\n<p style=\"text-align: center;\">\t<div class=\"interstitial-banner interstitial-banner-collection interstitial-container\">\n\t\t<div class=\"interstitial-content\">\n\t\t\t<div class=\"interstitial-background-image\">\n\t\t\t\t<img decoding=\"async\" width=\"768\" height=\"300\" src=\"https:\/\/www.1stdibs.com\/blogs\/the-study\/wp-content\/uploads\/rare_adrian_pearsall_lounge_chairs_and_ottomans_craft_associates_10_master-768x300.jpg\" class=\"attachment-interstitial size-interstitial\" alt=\"\" \/>\t\t\t<\/div>\n\t\t\t<div class=\"container interstitial-text\">\n\t\t\t\t<a class=\"interstitial-link-around-text\" href=\"https:\/\/www.1stdibs.com\/fr\/furniture\/seating\/style\/mid-century-modern\/\" target=\"_blank\" rel=\"noopener\">\n\t\t\t\t\t<div class=\"interstitial-heading\">\n\t\t\t\t\t\tD\u00e9couvrez tous les si\u00e8ges de style Mid-Century Modern\t\t\t\t\t<\/div>\n\t\t\t\t\t<div class=\"interstitial-subheading\">\n\t\t\t\t\t\t\t\t\t\t\t<\/div>\n\t\t\t\t<\/a>\n\t\t\t\t<a class=\"gold-button\" href=\"https:\/\/www.1stdibs.com\/fr\/furniture\/seating\/style\/mid-century-modern\/\" target=\"_blank\" rel=\"noopener\">\n\t\t\t\t\t<span>Parcourir<\/span>\n\t\t\t\t<\/a>\n\t\t\t<\/div>\n\t\t<\/div>\n\t<\/div>\n<\/p>\n<p><em>(Article revu le 5 octobre 2020) <\/em><\/p>\n","protected":false},"excerpt":{"rendered":"<p>Le fauteuil Egg d&rsquo;Arne Jacobsen Parmi toutes les cr\u00e9ations embl\u00e9matiques d&rsquo;Arne Jacobsen, la plus c\u00e9l\u00e8bre, ou la plus convoit\u00e9e, est ce fauteuil Egg (\u00ab \u0153uf \u00bb) qu&rsquo;il a con\u00e7u en 1958 dans le cadre de son grand projet pour l&rsquo;\u00e9tablissement SAS Royal Hotel. Une chaise \u00ab ne doit pas uniquement \u00eatre une belle sculpture \u00bb, [&hellip;]<\/p>\n","protected":false},"author":1,"featured_media":402256,"comment_status":"closed","ping_status":"closed","sticky":false,"template":"","format":"standard","meta":{"_acf_changed":false,"apple_news_api_created_at":"2022-03-17T14:29:22Z","apple_news_api_id":"0e2853b8-94ef-4567-aa4a-1d4c748416bb","apple_news_api_modified_at":"2022-04-26T08:29:49Z","apple_news_api_revision":"AAAAAAAAAAAAAAAAAAAAAQ==","apple_news_api_share_url":"https:\/\/apple.news\/ADihTuJTvRWeqSh1MdIQWuw","apple_news_cover_media_provider":"image","apple_news_coverimage":0,"apple_news_coverimage_caption":"","apple_news_cover_video_id":0,"apple_news_cover_video_url":"","apple_news_cover_embedwebvideo_url":"","apple_news_is_hidden":"","apple_news_is_paid":"","apple_news_is_preview":"","apple_news_is_sponsored":"","apple_news_maturity_rating":"","apple_news_metadata":"\"\"","apple_news_pullquote":"","apple_news_pullquote_position":"","apple_news_slug":"","apple_news_sections":[],"apple_news_suppress_video_url":false,"apple_news_use_image_component":false,"footnotes":""},"categories":[15568806,15568809,15568807],"tags":[],"dibs-categories":[15565587,15565567,15565565,15565576,15565566],"dibs-designs":[15566871,15566760,15566759,15566872,15566876,15566870,15566800,15566877,15566881,15566879,15566880,15566878,15566874,15566882,15566799,15566798,15566875,15566873,15566407,15566404,15566403],"dibs-styles":[15566410,15566703,15566411],"dibs-creators":[15566796,15566891,15566893,15566836,15566890,15566884,15566510,15566409,15566886,15566892,15566883,15566766,15566888,15566887,15566767,15566509,15566885,15566889],"dibs-sellers":[],"class_list":["post-367633","post","type-post","status-publish","format-standard","has-post-thumbnail","hentry","category-creations-emblematiques","category-design-fr","category-meubles","dibs-categories-dibs-f_sea_cha","dibs-categories-dibs-f_sea_din","dibs-categories-dibs-f","dibs-categories-dibs-f_sea_lou","dibs-categories-dibs-f_sea","dibs-designs-dibs-eero-aarnio-ball-chair","dibs-designs-dibs-barcelona-chair","dibs-designs-dibs-ludwig-mies-van-der-rohe-barcelona-series","dibs-designs-dibs-bubble-chair","dibs-designs-dibs-diamond-chair","dibs-designs-dibs-eames-lounge-chair-ottoman","dibs-designs-dibs-arne-jacobsen-egg-chair","dibs-designs-dibs-lc-series","dibs-designs-dibs-lc1-chair","dibs-designs-dibs-lc2-petit-confort-chair","dibs-designs-dibs-lc3-grand-confort-chair","dibs-designs-dibs-lc4-chaise-longue","dibs-designs-dibs-eero-saarinen-pedestal-series","dibs-designs-dibs-sawbuck-chair","dibs-designs-dibs-arne-jacobsen-swan-chair","dibs-designs-dibs-arne-jacobsen-swan-series","dibs-designs-dibs-tulip-armless-chair","dibs-designs-dibs-wassily-lounge-chair","dibs-designs-dibs-wishbone-chair","dibs-designs-dibs-womb-chair","dibs-designs-dibs-eero-saarinen-womb-series","dibs-styles-dibs-mid-century-modern","dibs-styles-dibs-modern","dibs-styles-dibs-scandinavian-modern","dibs-creators-dibs-arne-jacobsen","dibs-creators-dibs-carl-hansen-and-son","dibs-creators-dibs-cassina","dibs-creators-dibs-charles-and-ray-eames","dibs-creators-dibs-charlotte-perriand","dibs-creators-dibs-eero-aarnio","dibs-creators-dibs-eero-saarinen","dibs-creators-dibs-hans-wegner","dibs-creators-dibs-harry-bertoia","dibs-creators-dibs-herman-miller","dibs-creators-dibs-jorge-ferrari-hardoy","dibs-creators-dibs-knoll","dibs-creators-dibs-le-corbusier","dibs-creators-dibs-le-corbusier-jeanneret-perriand","dibs-creators-dibs-lilly-reich","dibs-creators-dibs-ludwig-mies-van-der-rohe","dibs-creators-dibs-marcel-breuer","dibs-creators-dibs-pierre-jeanneret"],"acf":{"post_format":"article","contributors":{"hide_byline":false,"columnist":[{"ID":361884,"post_author":"1","post_date":"2021-12-14 22:36:20","post_date_gmt":"2021-12-15 03:36:20","post_content":"","post_title":"Marisa Bartolucci","post_excerpt":"","post_status":"publish","comment_status":"closed","ping_status":"closed","post_password":"","post_name":"marisa-bartolucci","to_ping":"","pinged":"","post_modified":"2021-12-14 22:36:20","post_modified_gmt":"2021-12-15 03:36:20","post_content_filtered":"","post_parent":0,"guid":"https:\/\/www.1stdibs.com\/blogs\/the-study\/contributors\/marisa-bartolucci\/","menu_order":0,"post_type":"contributors","post_mime_type":"","comment_count":"0","filter":"raw"}],"photographer":"","custom_byline":false},"show_related_items_footer_popup":false,"slideshows":false,"show_date":false,"subtitle":"Vous connaissez ces cr\u00e9ations, d\u00e9couvrez maintenant leur histoire. ","interstitial_banners":[{"acf_fc_layout":"collection","interstitial_banner_shortcode":"mid-century_seating","interstitial_banner_background_image":381304,"interstitial_banner_heading":"D\u00e9couvrez tous les si\u00e8ges de style Mid-Century Modern","interstitial_banner_subheading":"","interstitial_banner_button_text":"Parcourir","interstitial_banner_button_url":"https:\/\/www.1stdibs.com\/fr\/furniture\/seating\/style\/mid-century-modern\/"}]},"dibs_designs_tags":["dibs-eero-aarnio-ball-chair","dibs-barcelona-chair","dibs-ludwig-mies-van-der-rohe-barcelona-series","dibs-bubble-chair","dibs-diamond-chair","dibs-eames-lounge-chair-ottoman","dibs-arne-jacobsen-egg-chair","dibs-lc-series","dibs-lc1-chair","dibs-lc2-petit-confort-chair","dibs-lc3-grand-confort-chair","dibs-lc4-chaise-longue","dibs-eero-saarinen-pedestal-series","dibs-sawbuck-chair","dibs-arne-jacobsen-swan-chair","dibs-arne-jacobsen-swan-series","dibs-tulip-armless-chair","dibs-wassily-lounge-chair","dibs-wishbone-chair","dibs-womb-chair","dibs-eero-saarinen-womb-series"],"dibs_sellers_tags":null,"dibs_creators_tags":["dibs-arne-jacobsen","dibs-carl-hansen-and-son","dibs-cassina","dibs-charles-and-ray-eames","dibs-charlotte-perriand","dibs-eero-aarnio","dibs-eero-saarinen","dibs-hans-wegner","dibs-harry-bertoia","dibs-herman-miller","dibs-jorge-ferrari-hardoy","dibs-knoll","dibs-le-corbusier","dibs-le-corbusier-jeanneret-perriand","dibs-lilly-reich","dibs-ludwig-mies-van-der-rohe","dibs-marcel-breuer","dibs-pierre-jeanneret"],"dibs_styles_tags":["dibs-mid-century-modern","dibs-modern","dibs-scandinavian-modern"],"dibs_categories_tags":["dibs-f_sea_cha","dibs-f_sea_din","dibs-f","dibs-f_sea_lou","dibs-f_sea"],"featured_image_url":"https:\/\/www.1stdibs.com\/blogs\/the-study\/wp-content\/uploads\/A1000xBetter-Altadena-Eclectic-Study-640x450.jpg","post_title":"Les 16\u00a0chaises de style Mid-Century Modern les plus populaires","fimg_url":{"thumbnail":{"source_url":"https:\/\/www.1stdibs.com\/blogs\/the-study\/wp-content\/uploads\/A1000xBetter-Altadena-Eclectic-Study-120x93.jpg","width":120,"height":93},"medium":{"source_url":"https:\/\/www.1stdibs.com\/blogs\/the-study\/wp-content\/uploads\/A1000xBetter-Altadena-Eclectic-Study-453x350.jpg","width":453,"height":350},"full":{"source_url":"https:\/\/www.1stdibs.com\/blogs\/the-study\/wp-content\/uploads\/A1000xBetter-Altadena-Eclectic-Study.jpg","width":1281,"height":990}},"jetpack_featured_media_url":"https:\/\/www.1stdibs.com\/blogs\/the-study\/wp-content\/uploads\/A1000xBetter-Altadena-Eclectic-Study.jpg","apple_news_notices":[],"yoast_head":"<!-- This site is optimized with the Yoast SEO plugin v27.4 - https:\/\/yoast.com\/product\/yoast-seo-wordpress\/ -->\n<title>Les 16\u00a0chaises de style Mid-Century Modern les plus populaires | The Study<\/title>\n<meta name=\"description\" content=\"Quel est le point commun entre un \u0153uf, un globe et un cygne\u00a0? Ce sont les noms traduits en fran\u00e7ais de mod\u00e8les de chaises embl\u00e9matiques cr\u00e9\u00e9s par Arne Jacobsen, Hans Wegner, Eero Aarnio et bien d&#039;autres.\" \/>\n<meta name=\"robots\" content=\"index, follow, max-snippet:-1, max-image-preview:large, max-video-preview:-1\" \/>\n<link rel=\"canonical\" href=\"https:\/\/www.1stdibs.com\/blogs\/the-study\/fr\/les-16-chaises-de-style-mid-century-modern-les-plus-populaires\/\" \/>\n<meta property=\"og:locale\" content=\"fr_FR\" \/>\n<meta property=\"og:type\" content=\"article\" \/>\n<meta property=\"og:title\" content=\"Les 16\u00a0chaises de style Mid-Century Modern les plus populaires\" \/>\n<meta property=\"og:description\" content=\"Quel est le point commun entre un \u0153uf, un globe et un cygne\u00a0? Ce sont les noms traduits en fran\u00e7ais de mod\u00e8les de chaises embl\u00e9matiques cr\u00e9\u00e9s par Arne Jacobsen, Hans Wegner, Eero Aarnio et bien d&#039;autres.\" \/>\n<meta property=\"og:url\" content=\"https:\/\/www.1stdibs.com\/blogs\/the-study\/fr\/les-16-chaises-de-style-mid-century-modern-les-plus-populaires\/\" \/>\n<meta property=\"og:site_name\" content=\"The Study\" \/>\n<meta property=\"article:publisher\" content=\"https:\/\/www.facebook.com\/1stdibs\" \/>\n<meta property=\"article:published_time\" content=\"2022-03-17T14:29:15+00:00\" \/>\n<meta property=\"article:modified_time\" content=\"2022-05-03T00:10:10+00:00\" \/>\n<meta property=\"og:image\" content=\"https:\/\/www.1stdibs.com\/blogs\/the-study\/wp-content\/uploads\/8085373_master.jpg\" \/>\n\t<meta property=\"og:image:width\" content=\"768\" \/>\n\t<meta property=\"og:image:height\" content=\"615\" \/>\n\t<meta property=\"og:image:type\" content=\"image\/jpeg\" \/>\n<meta name=\"author\" content=\"Marisa Bartolucci\" \/>\n<meta name=\"twitter:card\" content=\"summary_large_image\" \/>\n<meta name=\"twitter:title\" content=\"Les 16\u00a0chaises de style Mid-Century Modern les plus populaires\" \/>\n<meta name=\"twitter:creator\" content=\"@1stDibs\" \/>\n<meta name=\"twitter:site\" content=\"@1stDibs\" \/>\n<meta name=\"twitter:label1\" content=\"\u00c9crit par\" \/>\n\t<meta name=\"twitter:data1\" content=\"1stdibs\" \/>\n\t<meta name=\"twitter:label2\" content=\"Dur\u00e9e de lecture estim\u00e9e\" \/>\n\t<meta name=\"twitter:data2\" content=\"10 minutes\" \/>\n<script type=\"application\/ld+json\" class=\"yoast-schema-graph\">{\"@context\":\"https:\\\/\\\/schema.org\",\"@graph\":[{\"@type\":\"WebPage\",\"@id\":\"https:\\\/\\\/www.1stdibs.com\\\/blogs\\\/the-study\\\/fr\\\/les-16-chaises-de-style-mid-century-modern-les-plus-populaires\\\/\",\"url\":\"https:\\\/\\\/www.1stdibs.com\\\/blogs\\\/the-study\\\/fr\\\/les-16-chaises-de-style-mid-century-modern-les-plus-populaires\\\/\",\"name\":\"Les 16\u00a0chaises de style Mid-Century Modern les plus populaires | The Study\",\"isPartOf\":{\"@id\":\"https:\\\/\\\/www.1stdibs.com\\\/blogs\\\/the-study\\\/fr\\\/#website\"},\"primaryImageOfPage\":{\"@id\":\"https:\\\/\\\/www.1stdibs.com\\\/blogs\\\/the-study\\\/fr\\\/les-16-chaises-de-style-mid-century-modern-les-plus-populaires\\\/#primaryimage\"},\"image\":{\"@id\":\"https:\\\/\\\/www.1stdibs.com\\\/blogs\\\/the-study\\\/fr\\\/les-16-chaises-de-style-mid-century-modern-les-plus-populaires\\\/#primaryimage\"},\"thumbnailUrl\":\"https:\\\/\\\/www.1stdibs.com\\\/blogs\\\/the-study\\\/wp-content\\\/uploads\\\/A1000xBetter-Altadena-Eclectic-Study.jpg\",\"datePublished\":\"2022-03-17T14:29:15+00:00\",\"dateModified\":\"2022-05-03T00:10:10+00:00\",\"description\":\"Quel est le point commun entre un \u0153uf, un globe et un cygne\u00a0? Ce sont les noms traduits en fran\u00e7ais de mod\u00e8les de chaises embl\u00e9matiques cr\u00e9\u00e9s par Arne Jacobsen, Hans Wegner, Eero Aarnio et bien d'autres.\",\"breadcrumb\":{\"@id\":\"https:\\\/\\\/www.1stdibs.com\\\/blogs\\\/the-study\\\/fr\\\/les-16-chaises-de-style-mid-century-modern-les-plus-populaires\\\/#breadcrumb\"},\"inLanguage\":\"fr-FR\",\"potentialAction\":[{\"@type\":\"ReadAction\",\"target\":[\"https:\\\/\\\/www.1stdibs.com\\\/blogs\\\/the-study\\\/fr\\\/les-16-chaises-de-style-mid-century-modern-les-plus-populaires\\\/\"]}]},{\"@type\":\"ImageObject\",\"inLanguage\":\"fr-FR\",\"@id\":\"https:\\\/\\\/www.1stdibs.com\\\/blogs\\\/the-study\\\/fr\\\/les-16-chaises-de-style-mid-century-modern-les-plus-populaires\\\/#primaryimage\",\"url\":\"https:\\\/\\\/www.1stdibs.com\\\/blogs\\\/the-study\\\/wp-content\\\/uploads\\\/A1000xBetter-Altadena-Eclectic-Study.jpg\",\"contentUrl\":\"https:\\\/\\\/www.1stdibs.com\\\/blogs\\\/the-study\\\/wp-content\\\/uploads\\\/A1000xBetter-Altadena-Eclectic-Study.jpg\",\"width\":1281,\"height\":990},{\"@type\":\"BreadcrumbList\",\"@id\":\"https:\\\/\\\/www.1stdibs.com\\\/blogs\\\/the-study\\\/fr\\\/les-16-chaises-de-style-mid-century-modern-les-plus-populaires\\\/#breadcrumb\",\"itemListElement\":[{\"@type\":\"ListItem\",\"position\":1,\"name\":\"Home\",\"item\":\"https:\\\/\\\/www.1stdibs.com\\\/blogs\\\/the-study\\\/fr\\\/\"},{\"@type\":\"ListItem\",\"position\":2,\"name\":\"Les 16\u00a0chaises de style Mid-Century Modern les plus populaires\"}]},{\"@type\":\"WebSite\",\"@id\":\"https:\\\/\\\/www.1stdibs.com\\\/blogs\\\/the-study\\\/fr\\\/#website\",\"url\":\"https:\\\/\\\/www.1stdibs.com\\\/blogs\\\/the-study\\\/fr\\\/\",\"name\":\"The Study\",\"description\":\"1stDibs Blog about antique and modern furniture, jewelry, fashion &amp; art\",\"publisher\":{\"@id\":\"https:\\\/\\\/www.1stdibs.com\\\/blogs\\\/the-study\\\/fr\\\/#organization\"},\"potentialAction\":[{\"@type\":\"SearchAction\",\"target\":{\"@type\":\"EntryPoint\",\"urlTemplate\":\"https:\\\/\\\/www.1stdibs.com\\\/blogs\\\/the-study\\\/fr\\\/?s={search_term_string}\"},\"query-input\":{\"@type\":\"PropertyValueSpecification\",\"valueRequired\":true,\"valueName\":\"search_term_string\"}}],\"inLanguage\":\"fr-FR\"},{\"@type\":\"Organization\",\"@id\":\"https:\\\/\\\/www.1stdibs.com\\\/blogs\\\/the-study\\\/fr\\\/#organization\",\"name\":\"1stDibs\",\"url\":\"https:\\\/\\\/www.1stdibs.com\\\/blogs\\\/the-study\\\/fr\\\/\",\"logo\":{\"@type\":\"ImageObject\",\"inLanguage\":\"fr-FR\",\"@id\":\"https:\\\/\\\/www.1stdibs.com\\\/blogs\\\/the-study\\\/fr\\\/#\\\/schema\\\/logo\\\/image\\\/\",\"url\":\"https:\\\/\\\/www.1stdibs.com\\\/blogs\\\/the-study\\\/wp-content\\\/uploads\\\/1stDibs_favicon_512x512-1.png\",\"contentUrl\":\"https:\\\/\\\/www.1stdibs.com\\\/blogs\\\/the-study\\\/wp-content\\\/uploads\\\/1stDibs_favicon_512x512-1.png\",\"width\":512,\"height\":512,\"caption\":\"1stDibs\"},\"image\":{\"@id\":\"https:\\\/\\\/www.1stdibs.com\\\/blogs\\\/the-study\\\/fr\\\/#\\\/schema\\\/logo\\\/image\\\/\"},\"sameAs\":[\"https:\\\/\\\/www.facebook.com\\\/1stdibs\",\"https:\\\/\\\/x.com\\\/1stDibs\",\"https:\\\/\\\/instagram.com\\\/1stdibs\\\/\",\"https:\\\/\\\/www.linkedin.com\\\/company\\\/1stdibs-com\\\/\",\"https:\\\/\\\/www.pinterest.com\\\/1stdibs\\\/\"]}]}<\/script>\n<!-- \/ Yoast SEO plugin. -->","yoast_head_json":{"title":"Les 16\u00a0chaises de style Mid-Century Modern les plus populaires | The Study","description":"Quel est le point commun entre un \u0153uf, un globe et un cygne\u00a0? Ce sont les noms traduits en fran\u00e7ais de mod\u00e8les de chaises embl\u00e9matiques cr\u00e9\u00e9s par Arne Jacobsen, Hans Wegner, Eero Aarnio et bien d'autres.","robots":{"index":"index","follow":"follow","max-snippet":"max-snippet:-1","max-image-preview":"max-image-preview:large","max-video-preview":"max-video-preview:-1"},"canonical":"https:\/\/www.1stdibs.com\/blogs\/the-study\/fr\/les-16-chaises-de-style-mid-century-modern-les-plus-populaires\/","og_locale":"fr_FR","og_type":"article","og_title":"Les 16\u00a0chaises de style Mid-Century Modern les plus populaires","og_description":"Quel est le point commun entre un \u0153uf, un globe et un cygne\u00a0? Ce sont les noms traduits en fran\u00e7ais de mod\u00e8les de chaises embl\u00e9matiques cr\u00e9\u00e9s par Arne Jacobsen, Hans Wegner, Eero Aarnio et bien d'autres.","og_url":"https:\/\/www.1stdibs.com\/blogs\/the-study\/fr\/les-16-chaises-de-style-mid-century-modern-les-plus-populaires\/","og_site_name":"The Study","article_publisher":"https:\/\/www.facebook.com\/1stdibs","article_published_time":"2022-03-17T14:29:15+00:00","article_modified_time":"2022-05-03T00:10:10+00:00","og_image":[{"width":768,"height":615,"url":"https:\/\/www.1stdibs.com\/blogs\/the-study\/wp-content\/uploads\/8085373_master.jpg","type":"image\/jpeg"}],"author":"Marisa Bartolucci","twitter_card":"summary_large_image","twitter_title":"Les 16\u00a0chaises de style Mid-Century Modern les plus populaires","twitter_creator":"@1stDibs","twitter_site":"@1stDibs","twitter_misc":{"\u00c9crit par":"1stdibs","Dur\u00e9e de lecture estim\u00e9e":"10 minutes"},"schema":{"@context":"https:\/\/schema.org","@graph":[{"@type":"WebPage","@id":"https:\/\/www.1stdibs.com\/blogs\/the-study\/fr\/les-16-chaises-de-style-mid-century-modern-les-plus-populaires\/","url":"https:\/\/www.1stdibs.com\/blogs\/the-study\/fr\/les-16-chaises-de-style-mid-century-modern-les-plus-populaires\/","name":"Les 16\u00a0chaises de style Mid-Century Modern les plus populaires | The Study","isPartOf":{"@id":"https:\/\/www.1stdibs.com\/blogs\/the-study\/fr\/#website"},"primaryImageOfPage":{"@id":"https:\/\/www.1stdibs.com\/blogs\/the-study\/fr\/les-16-chaises-de-style-mid-century-modern-les-plus-populaires\/#primaryimage"},"image":{"@id":"https:\/\/www.1stdibs.com\/blogs\/the-study\/fr\/les-16-chaises-de-style-mid-century-modern-les-plus-populaires\/#primaryimage"},"thumbnailUrl":"https:\/\/www.1stdibs.com\/blogs\/the-study\/wp-content\/uploads\/A1000xBetter-Altadena-Eclectic-Study.jpg","datePublished":"2022-03-17T14:29:15+00:00","dateModified":"2022-05-03T00:10:10+00:00","description":"Quel est le point commun entre un \u0153uf, un globe et un cygne\u00a0? Ce sont les noms traduits en fran\u00e7ais de mod\u00e8les de chaises embl\u00e9matiques cr\u00e9\u00e9s par Arne Jacobsen, Hans Wegner, Eero Aarnio et bien d'autres.","breadcrumb":{"@id":"https:\/\/www.1stdibs.com\/blogs\/the-study\/fr\/les-16-chaises-de-style-mid-century-modern-les-plus-populaires\/#breadcrumb"},"inLanguage":"fr-FR","potentialAction":[{"@type":"ReadAction","target":["https:\/\/www.1stdibs.com\/blogs\/the-study\/fr\/les-16-chaises-de-style-mid-century-modern-les-plus-populaires\/"]}]},{"@type":"ImageObject","inLanguage":"fr-FR","@id":"https:\/\/www.1stdibs.com\/blogs\/the-study\/fr\/les-16-chaises-de-style-mid-century-modern-les-plus-populaires\/#primaryimage","url":"https:\/\/www.1stdibs.com\/blogs\/the-study\/wp-content\/uploads\/A1000xBetter-Altadena-Eclectic-Study.jpg","contentUrl":"https:\/\/www.1stdibs.com\/blogs\/the-study\/wp-content\/uploads\/A1000xBetter-Altadena-Eclectic-Study.jpg","width":1281,"height":990},{"@type":"BreadcrumbList","@id":"https:\/\/www.1stdibs.com\/blogs\/the-study\/fr\/les-16-chaises-de-style-mid-century-modern-les-plus-populaires\/#breadcrumb","itemListElement":[{"@type":"ListItem","position":1,"name":"Home","item":"https:\/\/www.1stdibs.com\/blogs\/the-study\/fr\/"},{"@type":"ListItem","position":2,"name":"Les 16\u00a0chaises de style Mid-Century Modern les plus populaires"}]},{"@type":"WebSite","@id":"https:\/\/www.1stdibs.com\/blogs\/the-study\/fr\/#website","url":"https:\/\/www.1stdibs.com\/blogs\/the-study\/fr\/","name":"The Study","description":"1stDibs Blog about antique and modern furniture, jewelry, fashion &amp; art","publisher":{"@id":"https:\/\/www.1stdibs.com\/blogs\/the-study\/fr\/#organization"},"potentialAction":[{"@type":"SearchAction","target":{"@type":"EntryPoint","urlTemplate":"https:\/\/www.1stdibs.com\/blogs\/the-study\/fr\/?s={search_term_string}"},"query-input":{"@type":"PropertyValueSpecification","valueRequired":true,"valueName":"search_term_string"}}],"inLanguage":"fr-FR"},{"@type":"Organization","@id":"https:\/\/www.1stdibs.com\/blogs\/the-study\/fr\/#organization","name":"1stDibs","url":"https:\/\/www.1stdibs.com\/blogs\/the-study\/fr\/","logo":{"@type":"ImageObject","inLanguage":"fr-FR","@id":"https:\/\/www.1stdibs.com\/blogs\/the-study\/fr\/#\/schema\/logo\/image\/","url":"https:\/\/www.1stdibs.com\/blogs\/the-study\/wp-content\/uploads\/1stDibs_favicon_512x512-1.png","contentUrl":"https:\/\/www.1stdibs.com\/blogs\/the-study\/wp-content\/uploads\/1stDibs_favicon_512x512-1.png","width":512,"height":512,"caption":"1stDibs"},"image":{"@id":"https:\/\/www.1stdibs.com\/blogs\/the-study\/fr\/#\/schema\/logo\/image\/"},"sameAs":["https:\/\/www.facebook.com\/1stdibs","https:\/\/x.com\/1stDibs","https:\/\/instagram.com\/1stdibs\/","https:\/\/www.linkedin.com\/company\/1stdibs-com\/","https:\/\/www.pinterest.com\/1stdibs\/"]}]}},"_links":{"self":[{"href":"https:\/\/www.1stdibs.com\/blogs\/the-study\/fr\/wp-json\/wp\/v2\/posts\/367633","targetHints":{"allow":["GET"]}}],"collection":[{"href":"https:\/\/www.1stdibs.com\/blogs\/the-study\/fr\/wp-json\/wp\/v2\/posts"}],"about":[{"href":"https:\/\/www.1stdibs.com\/blogs\/the-study\/fr\/wp-json\/wp\/v2\/types\/post"}],"author":[{"embeddable":true,"href":"https:\/\/www.1stdibs.com\/blogs\/the-study\/fr\/wp-json\/wp\/v2\/users\/1"}],"replies":[{"embeddable":true,"href":"https:\/\/www.1stdibs.com\/blogs\/the-study\/fr\/wp-json\/wp\/v2\/comments?post=367633"}],"version-history":[{"count":5,"href":"https:\/\/www.1stdibs.com\/blogs\/the-study\/fr\/wp-json\/wp\/v2\/posts\/367633\/revisions"}],"predecessor-version":[{"id":397614,"href":"https:\/\/www.1stdibs.com\/blogs\/the-study\/fr\/wp-json\/wp\/v2\/posts\/367633\/revisions\/397614"}],"wp:featuredmedia":[{"embeddable":true,"href":"https:\/\/www.1stdibs.com\/blogs\/the-study\/fr\/wp-json\/wp\/v2\/media\/402256"}],"wp:attachment":[{"href":"https:\/\/www.1stdibs.com\/blogs\/the-study\/fr\/wp-json\/wp\/v2\/media?parent=367633"}],"wp:term":[{"taxonomy":"category","embeddable":true,"href":"https:\/\/www.1stdibs.com\/blogs\/the-study\/fr\/wp-json\/wp\/v2\/categories?post=367633"},{"taxonomy":"post_tag","embeddable":true,"href":"https:\/\/www.1stdibs.com\/blogs\/the-study\/fr\/wp-json\/wp\/v2\/tags?post=367633"},{"taxonomy":"dibs-categories","embeddable":true,"href":"https:\/\/www.1stdibs.com\/blogs\/the-study\/fr\/wp-json\/wp\/v2\/dibs-categories?post=367633"},{"taxonomy":"dibs-designs","embeddable":true,"href":"https:\/\/www.1stdibs.com\/blogs\/the-study\/fr\/wp-json\/wp\/v2\/dibs-designs?post=367633"},{"taxonomy":"dibs-styles","embeddable":true,"href":"https:\/\/www.1stdibs.com\/blogs\/the-study\/fr\/wp-json\/wp\/v2\/dibs-styles?post=367633"},{"taxonomy":"dibs-creators","embeddable":true,"href":"https:\/\/www.1stdibs.com\/blogs\/the-study\/fr\/wp-json\/wp\/v2\/dibs-creators?post=367633"},{"taxonomy":"dibs-sellers","embeddable":true,"href":"https:\/\/www.1stdibs.com\/blogs\/the-study\/fr\/wp-json\/wp\/v2\/dibs-sellers?post=367633"}],"curies":[{"name":"wp","href":"https:\/\/api.w.org\/{rel}","templated":true}]}}